{"id":641,"date":"2016-05-24T21:27:58","date_gmt":"2016-05-24T20:27:58","guid":{"rendered":"http:\/\/osrace1516.splet.arnes.si\/?p=641"},"modified":"2025-10-23T13:48:44","modified_gmt":"2025-10-23T11:48:44","slug":"shema-solskega-sadja","status":"publish","type":"post","link":"https:\/\/osrace1516.splet.arnes.si\/?p=641","title":{"rendered":"Shema \u0161olskega sadja, zelenjave in mleka"},"content":{"rendered":"<p>Na\u0161a \u0161ola je \u017ee od leta 2018 vklju\u010dena v projekt \u0160olske sheme sadja, zelenjave in mleka.<br \/>\n\u0160olska shema je ukrep skupne kmetijske politike EU, ki otrokom v osnovni \u0161oli in zavodih za vzgojo in izobra\u017eevanje otrok in mladostnikov s posebnimi potrebami zagotavlja brezpla\u010den dodatni obrok sadja in zelenjave ter mleka in mle\u010dnih izdelkov. Obvezni spremljevalni izobra\u017eevalni ukrepi povezujejo otroke s kmetijstvom in spodbujajo zdravo prehranjevanje.<\/p>\n<p>\u010ce \u017eelite izvedeti kaj ve\u010d, si lahko preberete na <a href=\"https:\/\/www.gov.si\/zbirke\/projekti-in-programi\/solska-shema-sadja-zelenjave-in-mleka\/\" target=\"_blank\" rel=\"noopener\">https:\/\/www.gov.si\/zbirke\/projekti-in-programi\/solska-shema-sadja-zelenjave-in-mleka\/<\/a><\/p>\n<p>Koordinatorica projekta: Romana Zupan\u010di\u010d<\/p>\n<p><a href=\"https:\/\/osrace1516.splet.arnes.si\/files\/2022\/11\/Solska-shema-OS-Race.pdf\" target=\"_blank\" rel=\"noopener\">\u0160olska shema O\u0160 Ra\u010de<\/a><\/p>\n","protected":false},"excerpt":{"rendered":"<p>Na\u0161a \u0161ola je \u017ee od leta 2018 vklju\u010dena v projekt \u0160olske sheme sadja, zelenjave in mleka. \u0160olska shema je ukrep skupne kmetijske politike EU, ki otrokom v osnovni \u0161oli in zavodih za vzgojo in izobra\u017eevanje otrok in mladostnikov s posebnimi potrebami zagotavlja brezpla\u010den dodatni obrok sadja in zelenjave ter mleka in mle\u010dnih izdelkov. Obvezni spremljevalni [&hellip;]<\/p>\n","protected":false},"author":5736,"featured_media":0,"comment_status":"open","ping_status":"open","sticky":false,"template":"","format":"standard","meta":{"_et_pb_use_builder":"","_et_pb_old_content":"","_et_gb_content_width":"","ngg_post_thumbnail":0,"footnotes":"","_expiration-date-status":"","_expiration-date":0,"_expiration-date-type":"","_expiration-date-categories":[],"_expiration-date-options":[]},"categories":[1],"tags":[],"class_list":["post-641","post","type-post","status-publish","format-standard","hentry","category-nerazvrsceno"],"_links":{"self":[{"href":"https:\/\/osrace1516.splet.arnes.si\/index.php?rest_route=\/wp\/v2\/posts\/641","targetHints":{"allow":["GET"]}}],"collection":[{"href":"https:\/\/osrace1516.splet.arnes.si\/index.php?rest_route=\/wp\/v2\/posts"}],"about":[{"href":"https:\/\/osrace1516.splet.arnes.si\/index.php?rest_route=\/wp\/v2\/types\/post"}],"author":[{"embeddable":true,"href":"https:\/\/osrace1516.splet.arnes.si\/index.php?rest_route=\/wp\/v2\/users\/5736"}],"replies":[{"embeddable":true,"href":"https:\/\/osrace1516.splet.arnes.si\/index.php?rest_route=%2Fwp%2Fv2%2Fcomments&post=641"}],"version-history":[{"count":7,"href":"https:\/\/osrace1516.splet.arnes.si\/index.php?rest_route=\/wp\/v2\/posts\/641\/revisions"}],"predecessor-version":[{"id":13463,"href":"https:\/\/osrace1516.splet.arnes.si\/index.php?rest_route=\/wp\/v2\/posts\/641\/revisions\/13463"}],"wp:attachment":[{"href":"https:\/\/osrace1516.splet.arnes.si\/index.php?rest_route=%2Fwp%2Fv2%2Fmedia&parent=641"}],"wp:term":[{"taxonomy":"category","embeddable":true,"href":"https:\/\/osrace1516.splet.arnes.si\/index.php?rest_route=%2Fwp%2Fv2%2Fcategories&post=641"},{"taxonomy":"post_tag","embeddable":true,"href":"https:\/\/osrace1516.splet.arnes.si\/index.php?rest_route=%2Fwp%2Fv2%2Ftags&post=641"}],"curies":[{"name":"wp","href":"https:\/\/api.w.org\/{rel}","templated":true}]}}