{"id":2953,"date":"2018-11-14T13:36:18","date_gmt":"2018-11-14T12:36:18","guid":{"rendered":"http:\/\/osrace1516.splet.arnes.si\/?p=2953"},"modified":"2025-09-08T15:27:55","modified_gmt":"2025-09-08T13:27:55","slug":"rap-razsirjen-program","status":"publish","type":"post","link":"https:\/\/osrace1516.splet.arnes.si\/?p=2953","title":{"rendered":"Raz\u0161irjen program (RAP)"},"content":{"rendered":"<p>Spo\u0161tovani star\u0161i.<\/p>\n<p>Cilji osnovno\u0161olskega izobra\u017eevanja se uresni\u010dujejo znotraj celotnega programa osnovne \u0161ole tako v okviru obveznega kot tudi raz\u0161irjenega programa.&nbsp;<\/p>\n<p>Pomembnost raz\u0161irjenega programa osnovne \u0161ole, <strong>v katerega u\u010denci vstopajo prostovoljno<\/strong>, je v njegovi inkluzivni naravnanosti: nikogar ne izklju\u010duje, temve\u010d vsem omogo\u010da vklju\u010denost v dejavnosti na razli\u010dnih podro\u010djih. S tem prispeva tako k sprejemanju razli\u010dnosti kot tudi k zadovoljevanju raznolikih interesov in spodbujanju odli\u010dnosti ter osebne anga\u017eiranosti prav vsakega u\u010denca.<\/p>\n<p>U\u010denci, ki se odlo\u010dijo, da bodo obiskovali dejavnosti RAP-a, je&nbsp; obiskovanje dejavnosti obvezno. Prisotnost u\u010denca na dejavnosti se obravnava enako kot pri obveznih predmetih; vsako odsotnost morajo star\u0161i opravi\u010diti.<\/p>\n<h4>&nbsp;<\/h4>\n<h4>OPISI PONUJENIH DEJAVNOSTI:<\/h4>\n<p><a href=\"https:\/\/docs.google.com\/document\/d\/1dRxFDoHcmZ6PaIV9yHXgYzmaxLIVAguO\/edit?usp=sharing&amp;ouid=108231075983994515915&amp;rtpof=true&amp;sd=true\" target=\"_blank\" rel=\"noopener\">Opisi dejavnosti za u\u010dence, ki bodo v \u0161olskem letu 2025\/26 obiskovali 1. do 3. razred.<\/a><\/p>\n<p><a href=\"https:\/\/docs.google.com\/document\/d\/1aZ17H2HeJjpDMUgaOXJhKs0lTQRTrQMM\/edit?usp=sharing&amp;ouid=108231075983994515915&amp;rtpof=true&amp;sd=true\" target=\"_blank\" rel=\"noopener\">Opisi dejavnosti za u\u010dence, ki bodo v \u0161olskem letu 2025\/26 obiskovali 4. do 5. razred.<\/a><\/p>\n<p><a href=\"https:\/\/docs.google.com\/document\/d\/1dJ7uygIIFaLrk8K-PEd4tFhykZloLW5Z\/edit?usp=sharing&amp;ouid=108231075983994515915&amp;rtpof=true&amp;sd=true\" target=\"_blank\" rel=\"noopener\">Opisi dejavnosti za u\u010dence, ki bodo v \u0161olskem letu 2025\/26 obiskovali 6. do 9. razred.<\/a><\/p>\n<h4>SPLETNA PRIJAVA:<\/h4>\n<p><a href=\"https:\/\/forms.gle\/a73zX44pcHpycAT58\" target=\"_blank\" rel=\"noopener\">Prijava za u\u010dence, ki v \u0161olskem letu 2025\/26 obiskujejo 1. do 3. razred.&nbsp;&nbsp;<\/a><\/p>\n<p><a href=\"https:\/\/docs.google.com\/forms\/d\/e\/1FAIpQLSewboEyjX1pDPxoucCq9AQTaB_S-1kMveqNaXMlh_VUkMWYaQ\/viewform\" target=\"_blank\" rel=\"noopener\">Prijava za u\u010dence, ki v \u0161olskem letu 2025\/26 obiskujejo 4. do 5. razred.<\/a><\/p>\n<p><a href=\"https:\/\/docs.google.com\/forms\/d\/e\/1FAIpQLSdL9jXFlgafbc8Xp0WXxuMHFDPya5ILNsW0lddUQuWqSqR_UQ\/viewform\" target=\"_blank\" rel=\"noopener\">Prijava za u\u010dence, ki v \u0161olskem letu 2025\/26 obiskujejo 6. do 9. razred.<\/a><\/p>\n<h4>&nbsp;<\/h4>\n<h4>Prijavnice (tiskana verzija z urnikom):<\/h4>\n<p><a href=\"https:\/\/osrace1516.splet.arnes.si\/files\/2018\/11\/Prijavnica_Rap_1.-R.pdf\" target=\"_blank\" rel=\"noopener\">Prijavnica_Rap_1. R<\/a><\/p>\n<p><a href=\"https:\/\/osrace1516.splet.arnes.si\/files\/2018\/11\/Prijavnica_Rap_2.-R.pdf\" target=\"_blank\" rel=\"noopener\">Prijavnica_Rap_2. R<\/a><\/p>\n<p><a href=\"https:\/\/osrace1516.splet.arnes.si\/files\/2018\/11\/Prijavnica_Rap_3.-R.pdf\" target=\"_blank\" rel=\"noopener\">Prijavnica_Rap_3. R<\/a><\/p>\n<p><a href=\"https:\/\/docs.google.com\/document\/d\/1IM6umTIwXCDSTBzbsqeL9YuNEPrpFNv_\/edit?usp=sharing&amp;ouid=108231075983994515915&amp;rtpof=true&amp;sd=true\" target=\"_blank\" rel=\"noopener\">4. do 5. razred<\/a>,<\/p>\n<p><a href=\"https:\/\/docs.google.com\/document\/d\/1JdQrrT61j_YzZG_m6KjmTVmMJgh_p8f6\/edit?usp=sharing&amp;ouid=108231075983994515915&amp;rtpof=true&amp;sd=true\" target=\"_blank\" rel=\"noopener\">6. do 9. razred<\/a>.<\/p>\n<h3>&nbsp;<\/h3>\n<h2>NAMEN RAP<\/h2>\n<p>Temeljni namen raz\u0161irjenega programa osnovne \u0161ole je vsem u\u010dencem omogo\u010diti pogoje za spodbudno u\u010dno okolje, ki jim omogo\u010da zdrav in celosten osebni razvoj. V pogojih spodbudnega u\u010dnega okolja celostni razvoj u\u010dencev sledi njihovim individualnim zmo\u017enostim, interesom, talentom in potrebam, ob smiselnem upo\u0161tevanju njihovih individualnih \u017eelja in pri\u010dakovanj. U\u010denci spoznavajo in prepoznavajo lastne sposobnosti, osebnostne zna\u010dilnosti in interese, s \u010dimer jim pomagamo pri izbiri poklica oz. nadaljnje izobra\u017eevalne poti.&nbsp;&nbsp;<\/p>\n<p>Raz\u0161irjeni program osnovne \u0161ole omogo\u010da u\u010dno okolje za poglobljeno spoznavanje u\u010dencev in prispeva k medsebojnemu sodelovanju in razvijanju kakovostnih odnosov med strokovnimi delavci<a href=\"#_ftn1\" name=\"_ftnref1\"><sup>[1]<\/sup><\/a> in u\u010denci, kar pomembno pripomore k ve\u010dji motiviranosti obojih za doseganje ciljev osnovno\u0161olskega programa v celoti.&nbsp;<\/p>\n<p>Raz\u0161irjeni program osnovne \u0161ole je treba razumeti kot komplementarni del obveznega programa, ker je mogo\u010de namene in cilje tako enega kot drugega uresni\u010devati samo v njuni povezanosti. Namen dejavnosti raz\u0161irjenega programa je med drugim nadgraditi, dopolniti ali povezati cilje, ki so pomembni in potrebni za individualni razvoj posameznega u\u010denca ali izhajajo iz specifike \u0161ole, okolja oziroma \u010dasa.<\/p>\n<p>Vsebinska podro\u010dja raz\u0161irjenega programa z upo\u0161tevanjem na\u010del raz\u0161irjenega programa predstavljajo pomembno vlogo pri zagotavljanju spodbudnega u\u010dnega okolja za u\u010dence, ki se iz razli\u010dnih razlogov sre\u010dujejo z ve\u010djimi izzivi pri opismenjevanju, usvajanju znanja in doseganju standardov znanja v osnovno\u0161olskem izobra\u017eevanju. Z vsebinami, na\u010deli in dejavnostmi raz\u0161irjenega programa ustvarjamo varno u\u010dno okolje tudi za u\u010dence s posebnimi potrebami, u\u010dnimi te\u017eavami, jezikovnimi ovirami in kulturnimi razli\u010dnostmi ali za u\u010dence iz socialno in ekonomsko prikraj\u0161anega okolja. Raz\u0161irjeni program omogo\u010da razvijanje posebnih talentov in nadarjenosti u\u010dencev, ki zmorejo in \u017eelijo dose\u010di ve\u010d, kot jim \u0161ola lahko omogo\u010di v okviru obveznega programa.<\/p>\n<p>Namen raz\u0161irjenega programa je u\u010dencem omogo\u010dati spoznavanje raznolikih mo\u017enosti za kakovostno in zdravo pre\u017eivljanje ter samostojno na\u010drtovanje prostega \u010dasa, saj kakovost pre\u017eivljanja prostega \u010dasa pomembno vpliva na fizi\u010dno, \u010dustveno in du\u0161evno zdravje ter razvoj u\u010dencev.&nbsp;<\/p>\n<p>Z raz\u0161irjenim programom osnovna \u0161ola prispeva k:<\/p>\n<ul>\n<li>nadgrajevanju in poglabljanju ciljev obveznega programa osnovne \u0161ole na druga\u010dne na\u010dine,<\/li>\n<li>doseganju ciljev raz\u0161irjenega programa,<\/li>\n<li>spoznavanju individualnih zna\u010dilnosti in potreb u\u010dencev,<\/li>\n<li>ve\u010dji izbirnosti in participaciji u\u010dencev, ki se aktivno vklju\u010dujejo v na\u010drtovanje in izvajanje dejavnosti,<\/li>\n<li>razvijanju razli\u010dnih u\u010den\u010devih interesov, spretnosti in znanja,<\/li>\n<li>razvijanju ustvarjalnosti u\u010dencev,<\/li>\n<li>razvijanju kriti\u010dnega mi\u0161ljenja,<\/li>\n<li>razvijanju sodelovanja in sodelovalnega u\u010denja,<\/li>\n<li>razvijanju digitalnih ve\u0161\u010din,<\/li>\n<li>razvijanju u\u010dnih in delovnih navad,<\/li>\n<li>spodbujanju skrbi za telesno in du\u0161evno zdravje ter dobre odnose,<\/li>\n<li>spodbujanju kulturno-umetnostne vzgoje,<\/li>\n<li>spodbujanju odgovornega odnosa do sebe in okolja ter za dejavno vklju\u010devanje v demokrati\u010dno dru\u017ebo,<\/li>\n<li>ozave\u0161\u010danju o pomenu in strategijah uravnavanja \u010dustev, misli in vedenja,<\/li>\n<li>ozave\u0161\u010danju o pomenu trajnostne naravnanosti in ohranjanja naravnega okolja,<\/li>\n<li>spodbujanju kakovostnega pre\u017eivljanja prostega \u010dasa,<\/li>\n<li>spodbujanju karierne orientacije.<\/li>\n<\/ul>\n<h3>CILJI RAZ\u0160IRJENEGA PROGRAMA<\/h3>\n<p>Cilji raz\u0161irjenega programa usmerjajo k na\u010drtovanju vsebine in izvedbi dejavnosti na ravni \u0161ole in na ravni posameznega u\u010denca.&nbsp;<\/p>\n<p><em>Cilji raz\u0161irjenega programa na ravni \u0161ole: <\/em><\/p>\n<ul>\n<li>smiselna in kakovostna nadgradnja obveznega vzgojno-izobra\u017eevalnega programa osnovne \u0161ole, skladno s potrebami in interesi u\u010dencev, pogoji \u0161ole ter mo\u017enostmi o\u017ejega in \u0161ir\u0161ega okolja;<\/li>\n<li>zagotoviti spodbudno, inkluzivno, ustvarjalno in varno u\u010dno okolje za u\u010denje, igro, dru\u017eenje, sprostitev ali po\u010ditek v \u010dasu pred izvedbo obveznega programa, med njo ali po njej;<\/li>\n<li>ustvariti pogoje za uspe\u0161no samostojno ali sodelovalno u\u010denje in pripravo u\u010denk in u\u010dencev na pouk (opravljanje \u0161olskih in doma\u010dih nalog ter drugih u\u010dnih obveznosti);<\/li>\n<li>ponuditi u\u010dencem pester in raznolik nabor dejavnosti z vseh podro\u010dij raz\u0161irjenega programa;<\/li>\n<li>omogo\u010diti dostop do \u0161irokega izbora razli\u010dnih u\u010dnih sredstev in pripomo\u010dkov (didakti\u010dna sredstva, informacijsko-komunikacijska tehnologija) ter raznolikih u\u010dnih virov (tiskani, digitalni itd.);<\/li>\n<li>zagotoviti skupinsko ter individualno podporo in usmerjanje u\u010dencev pri vklju\u010devanju v dejavnosti raz\u0161irjenega programa od aktivnega na\u010drtovanja do sodelovanja pri izvajanju ter spremljanju in evalvaciji (formativno spremljanje);<\/li>\n<li>zagotoviti interdisciplinarnost med vsebinami posameznih podro\u010dij.<\/li>\n<\/ul>\n<p><em>Cilji raz\u0161irjenega programa na ravni u\u010dencev: <\/em><\/p>\n<ul>\n<li>glede na lastne potrebe, interese in cilje izbirajo dejavnosti raz\u0161irjenega programa;<\/li>\n<li>razvijajo zmo\u017enosti za razumevanje in uravnavanje procesov lastnega u\u010denja ter se usposabljajo za izbiro svoje nadaljnje izobra\u017eevalne poti in vse\u017eivljenjsko u\u010denje;<\/li>\n<li>razvijajo delovne navade, znanje in ve\u0161\u010dine, ki so klju\u010dne za njihovo u\u010dno in sicer\u0161njo uspe\u0161nost;<\/li>\n<li>razvijajo razli\u010dne vrste pismenosti, ve\u010djezi\u010dnost in zmo\u017enosti sporazumevanja v razli\u010dnih jezikih;<\/li>\n<li>usvajajo znanje in ve\u0161\u010dine prve pomo\u010di ter se usposabljajo za ustrezno odzivanje in za samopomo\u010d v stresnih okoli\u0161\u010dinah;<\/li>\n<li>kakovostno pre\u017eivljajo svoj prosti \u010das ter razvijajo zdrav \u017eivljenjski slog (npr. zdravo prehranjevanje, gibanje itd.);<\/li>\n<li>razvijajo socialno-komunikacijske ve\u0161\u010dine (ve\u0161\u010dine sodelovanja in upo\u0161tevanja drugih);<\/li>\n<li>razvijajo ve\u0161\u010dino samoregulacije (samozavedanje, aktivno poslu\u0161anje, empatijo, zmo\u017enost samoobvladovanja, nadzor jeze itd.);<\/li>\n<li>usvajajo znanje in spo\u0161tljiv odnos do lastne kulture ter nacionalne in svetovne kulturnoumetni\u0161ke dedi\u0161\u010dine.<\/li>\n<\/ul>\n<p><img loading=\"lazy\" decoding=\"async\" class=\"alignleft wp-image-13013\" src=\"https:\/\/osrace1516.splet.arnes.si\/files\/2018\/11\/rap.jpg\" alt=\"\" width=\"1355\" height=\"763\" srcset=\"https:\/\/osrace1516.splet.arnes.si\/files\/2018\/11\/rap.jpg 1355w, https:\/\/osrace1516.splet.arnes.si\/files\/2018\/11\/rap-480x270.jpg 480w\" sizes=\"(min-width: 0px) and (max-width: 480px) 480px, (min-width: 481px) 1355px, 100vw\" \/><\/p>\n<p><a href=\"https:\/\/osrace1516.splet.arnes.si\/files\/2018\/11\/kurikulum_za_razsirjeni_program_osnovne_sole.pdf\" target=\"_blank\" rel=\"noopener\">Kurikularni dokument<\/a><\/p>\n<p>&nbsp;<\/p>\n","protected":false},"excerpt":{"rendered":"<p>Spo\u0161tovani star\u0161i. Cilji osnovno\u0161olskega izobra\u017eevanja se uresni\u010dujejo znotraj celotnega programa osnovne \u0161ole tako v okviru obveznega kot tudi raz\u0161irjenega programa.&nbsp; Pomembnost raz\u0161irjenega programa osnovne \u0161ole, v katerega u\u010denci vstopajo prostovoljno, je v njegovi inkluzivni naravnanosti: nikogar ne izklju\u010duje, temve\u010d vsem omogo\u010da vklju\u010denost v dejavnosti na razli\u010dnih podro\u010djih. S tem prispeva tako k sprejemanju razli\u010dnosti kot [&hellip;]<\/p>\n","protected":false},"author":5736,"featured_media":0,"comment_status":"closed","ping_status":"closed","sticky":false,"template":"","format":"standard","meta":{"_et_pb_use_builder":"","_et_pb_old_content":"","_et_gb_content_width":"","ngg_post_thumbnail":0,"footnotes":"","_expiration-date-status":"","_expiration-date":0,"_expiration-date-type":"","_expiration-date-categories":[],"_expiration-date-options":[]},"categories":[1],"tags":[],"class_list":["post-2953","post","type-post","status-publish","format-standard","hentry","category-nerazvrsceno"],"_links":{"self":[{"href":"https:\/\/osrace1516.splet.arnes.si\/index.php?rest_route=\/wp\/v2\/posts\/2953","targetHints":{"allow":["GET"]}}],"collection":[{"href":"https:\/\/osrace1516.splet.arnes.si\/index.php?rest_route=\/wp\/v2\/posts"}],"about":[{"href":"https:\/\/osrace1516.splet.arnes.si\/index.php?rest_route=\/wp\/v2\/types\/post"}],"author":[{"embeddable":true,"href":"https:\/\/osrace1516.splet.arnes.si\/index.php?rest_route=\/wp\/v2\/users\/5736"}],"replies":[{"embeddable":true,"href":"https:\/\/osrace1516.splet.arnes.si\/index.php?rest_route=%2Fwp%2Fv2%2Fcomments&post=2953"}],"version-history":[{"count":16,"href":"https:\/\/osrace1516.splet.arnes.si\/index.php?rest_route=\/wp\/v2\/posts\/2953\/revisions"}],"predecessor-version":[{"id":13183,"href":"https:\/\/osrace1516.splet.arnes.si\/index.php?rest_route=\/wp\/v2\/posts\/2953\/revisions\/13183"}],"wp:attachment":[{"href":"https:\/\/osrace1516.splet.arnes.si\/index.php?rest_route=%2Fwp%2Fv2%2Fmedia&parent=2953"}],"wp:term":[{"taxonomy":"category","embeddable":true,"href":"https:\/\/osrace1516.splet.arnes.si\/index.php?rest_route=%2Fwp%2Fv2%2Fcategories&post=2953"},{"taxonomy":"post_tag","embeddable":true,"href":"https:\/\/osrace1516.splet.arnes.si\/index.php?rest_route=%2Fwp%2Fv2%2Ftags&post=2953"}],"curies":[{"name":"wp","href":"https:\/\/api.w.org\/{rel}","templated":true}]}}