{"id":13470,"date":"2025-11-03T09:44:17","date_gmt":"2025-11-03T08:44:17","guid":{"rendered":"https:\/\/osrace1516.splet.arnes.si\/?p=13470"},"modified":"2025-11-03T10:45:43","modified_gmt":"2025-11-03T09:45:43","slug":"komemoracija-ob-dnevu-spomina-na-mrtve-24-oktober-2025","status":"publish","type":"post","link":"https:\/\/osrace1516.splet.arnes.si\/?p=13470","title":{"rendered":"Komemoracija ob dnevu spomina na  mrtve \u2013 24. oktober 2025"},"content":{"rendered":"<p>V petek, 24. oktobra 2025, smo se na Osnovni \u0161oli Ra\u010de s kraj\u0161o, a spo\u0161tljivo slovesnostjo poklonili spominu na umrle.&nbsp;<br \/>\nU\u010denci na\u0161e \u0161ole so pripravili prijeten kulturni program, ki se je za\u010del z nastopom \u0161olskega pevskega zbora. S petjem in glasbo so slovesnost obogatili tudi posamezni solisti \u2013 Tanja Relji\u0107, Loti Prosenc in \u0160pela De\u017eman, na klavir pa je zaigrala Zala Pernat. Dogodek so z recitacijami in vodenjem lepo povezali deklamatorji ter povezovalci programa.<\/p>\n<p>Med slavnostne govornike smo v svojo sredino povabili gospoda Zdravka Grafenauerja, ki je v svojem nagovoru poudaril pomen miru, domoljubja in ohranjanja zgodovinskega spomina.<\/p>\n<p>Na koncu je predsednik \u0161olske skupnosti v imenu vseh u\u010dencev in zaposlenih Osnovne \u0161ole Ra\u010de odnesel pri\u017egano sve\u010dko pred spomenik padlim borcem, ki stoji pred \u0161olo in je simbol spomina ter spo\u0161tovanja do preteklosti.<\/p>\n<p>Slovesnost je potekala v mirnem in spo\u0161tljivem vzdu\u0161ju ter nas vse spomnila, da svoboda, ki jo danes \u017eivimo, ni samoumevna.<\/p>\n<p><a href=\"https:\/\/photos.app.goo.gl\/ZKgs8PmVCWoqFWp99\" target=\"_blank\" rel=\"noopener\">FOTOGRAFIJE<\/a><\/p>\n","protected":false},"excerpt":{"rendered":"<p>V petek, 24. oktobra 2025, smo se na Osnovni \u0161oli Ra\u010de s kraj\u0161o, a spo\u0161tljivo slovesnostjo poklonili spominu na umrle.&nbsp; U\u010denci na\u0161e \u0161ole so pripravili prijeten kulturni program, ki se je za\u010del z nastopom \u0161olskega pevskega zbora. S petjem in glasbo so slovesnost obogatili tudi posamezni solisti \u2013 Tanja Relji\u0107, Loti Prosenc in \u0160pela De\u017eman, [&hellip;]<\/p>\n","protected":false},"author":5736,"featured_media":0,"comment_status":"closed","ping_status":"closed","sticky":false,"template":"","format":"standard","meta":{"_et_pb_use_builder":"","_et_pb_old_content":"","_et_gb_content_width":"","ngg_post_thumbnail":0,"footnotes":"","_expiration-date-status":"","_expiration-date":0,"_expiration-date-type":"","_expiration-date-categories":[],"_expiration-date-options":[]},"categories":[69],"tags":[],"class_list":["post-13470","post","type-post","status-publish","format-standard","hentry","category-dogaja-se-na-soli-25"],"_links":{"self":[{"href":"https:\/\/osrace1516.splet.arnes.si\/index.php?rest_route=\/wp\/v2\/posts\/13470","targetHints":{"allow":["GET"]}}],"collection":[{"href":"https:\/\/osrace1516.splet.arnes.si\/index.php?rest_route=\/wp\/v2\/posts"}],"about":[{"href":"https:\/\/osrace1516.splet.arnes.si\/index.php?rest_route=\/wp\/v2\/types\/post"}],"author":[{"embeddable":true,"href":"https:\/\/osrace1516.splet.arnes.si\/index.php?rest_route=\/wp\/v2\/users\/5736"}],"replies":[{"embeddable":true,"href":"https:\/\/osrace1516.splet.arnes.si\/index.php?rest_route=%2Fwp%2Fv2%2Fcomments&post=13470"}],"version-history":[{"count":2,"href":"https:\/\/osrace1516.splet.arnes.si\/index.php?rest_route=\/wp\/v2\/posts\/13470\/revisions"}],"predecessor-version":[{"id":13472,"href":"https:\/\/osrace1516.splet.arnes.si\/index.php?rest_route=\/wp\/v2\/posts\/13470\/revisions\/13472"}],"wp:attachment":[{"href":"https:\/\/osrace1516.splet.arnes.si\/index.php?rest_route=%2Fwp%2Fv2%2Fmedia&parent=13470"}],"wp:term":[{"taxonomy":"category","embeddable":true,"href":"https:\/\/osrace1516.splet.arnes.si\/index.php?rest_route=%2Fwp%2Fv2%2Fcategories&post=13470"},{"taxonomy":"post_tag","embeddable":true,"href":"https:\/\/osrace1516.splet.arnes.si\/index.php?rest_route=%2Fwp%2Fv2%2Ftags&post=13470"}],"curies":[{"name":"wp","href":"https:\/\/api.w.org\/{rel}","templated":true}]}}