{"id":12776,"date":"2025-04-02T08:59:53","date_gmt":"2025-04-02T06:59:53","guid":{"rendered":"https:\/\/osrace1516.splet.arnes.si\/?p=12776"},"modified":"2025-04-02T13:16:26","modified_gmt":"2025-04-02T11:16:26","slug":"pesniska-pomlad-2025-v-racah","status":"publish","type":"post","link":"https:\/\/osrace1516.splet.arnes.si\/?p=12776","title":{"rendered":"Pesni\u0161ka pomlad 2025 v Ra\u010dah"},"content":{"rendered":"<p><strong>Sre\u010danje mladih ustvarjalcev poezije<\/strong><\/p>\n<p>V petek, 21. marca 2025, je v Beli dvorani gradu Ra\u010de potekalo \u017ee tretje sre\u010danje ljubiteljev poezije ter mladih ustvarjalcev iz razli\u010dnih osnovnih \u0161ol. Dogodek, ki ga je organiziral Literarni klub KUD Ra\u010de v sodelovanju z O\u0160 Ra\u010de, O\u0160 Fram, O\u0160 Pohorskega odreda Slovenska Bistrica, Mariborsko knji\u017enico in Ob\u010dino Ra\u010de &#8211; Fram, je bil del praznovanja svetovnega dne poezije.<\/p>\n<p><strong>Mladi ustvarjalci O\u0160 Ra\u010de<\/strong> so nastopali v dveh sklopih. Najprej so u\u010denke Sara Daj\u010dman, Julija Brada\u010d in Gaja Predan brale poezijo Janka Glazerja, ki je bil letos v sredi\u0161\u010du pozornosti.<\/p>\n<p>Ob\u010dinstvo je prav tako navdu\u0161ila Patricija \u017duraj, ki je prebrala Glazerjevo pesem \u00bbVnu\u010dku\u00ab. \u010custveno globoko sporo\u010dilo pesmi je podprl profesor dr. Damjan Zazula, ki je delil osebne spomine na svojega dedka \u2013 Janka Glazerja.<\/p>\n<p>V drugem delu ve\u010dera so mlade pesnice O\u0160 Ra\u010de Pia Zala Fider\u0161ek, Lana \u010crepinko, Lia Guttmann, Pia Galinec, Zarja Petri\u010d Tripi\u0107, Lija Braunsberger, Talia Marie Zidan\u0161ek in Sa\u0161a Relji\u0107 predstavile lastna pesni\u0161ka dela. Pesmi so bile polne domi\u0161ljije, \u010dustev in osebnih izku\u0161enj, ki so odra\u017eale mladostno radovednost ter globoko povezanost z okoljem in svetom okoli njih.<\/p>\n<p>S svojim nastopom je zablestela tudi u\u010denka Tanja Relji\u010d, ki je interpretirala pesem Mir.<\/p>\n<p>Na tem posebnem ve\u010deru so tudi u\u010denci ostalih \u0161ol prikazali svoje pesni\u0161ke talente. Na prireditvi so sodelovali tudi drugi gostje, ki so z branjem poezije in glasbenimi vlo\u017eki obogatili dogodek.<\/p>\n<p>Pomembno je, da se taki dogodki ohranjajo in \u0161irijo, saj mladim omogo\u010dajo, da izrazijo svoje ustvarjalne sposobnosti ter se pove\u017eejo z drugimi, ki jih navdihujejo podobne strasti do umetnosti.<\/p>\n<p>Zapisala: Martina Brodej<\/p>\nngg_shortcode_0_placeholder\n","protected":false},"excerpt":{"rendered":"<p>Sre\u010danje mladih ustvarjalcev poezije V petek, 21. marca 2025, je v Beli dvorani gradu Ra\u010de potekalo \u017ee tretje sre\u010danje ljubiteljev poezije ter mladih ustvarjalcev iz razli\u010dnih osnovnih \u0161ol. Dogodek, ki ga je organiziral Literarni klub KUD Ra\u010de v sodelovanju z O\u0160 Ra\u010de, O\u0160 Fram, O\u0160 Pohorskega odreda Slovenska Bistrica, Mariborsko knji\u017enico in Ob\u010dino Ra\u010de &#8211; [&hellip;]<\/p>\n","protected":false},"author":5736,"featured_media":0,"comment_status":"closed","ping_status":"closed","sticky":false,"template":"","format":"standard","meta":{"_et_pb_use_builder":"","_et_pb_old_content":"","_et_gb_content_width":"","ngg_post_thumbnail":0,"footnotes":"","_expiration-date-status":"","_expiration-date":0,"_expiration-date-type":"","_expiration-date-categories":[],"_expiration-date-options":[]},"categories":[49],"tags":[],"class_list":["post-12776","post","type-post","status-publish","format-standard","hentry","category-kultura-sport-in-se-kaj"],"_links":{"self":[{"href":"https:\/\/osrace1516.splet.arnes.si\/index.php?rest_route=\/wp\/v2\/posts\/12776","targetHints":{"allow":["GET"]}}],"collection":[{"href":"https:\/\/osrace1516.splet.arnes.si\/index.php?rest_route=\/wp\/v2\/posts"}],"about":[{"href":"https:\/\/osrace1516.splet.arnes.si\/index.php?rest_route=\/wp\/v2\/types\/post"}],"author":[{"embeddable":true,"href":"https:\/\/osrace1516.splet.arnes.si\/index.php?rest_route=\/wp\/v2\/users\/5736"}],"replies":[{"embeddable":true,"href":"https:\/\/osrace1516.splet.arnes.si\/index.php?rest_route=%2Fwp%2Fv2%2Fcomments&post=12776"}],"version-history":[{"count":2,"href":"https:\/\/osrace1516.splet.arnes.si\/index.php?rest_route=\/wp\/v2\/posts\/12776\/revisions"}],"predecessor-version":[{"id":12798,"href":"https:\/\/osrace1516.splet.arnes.si\/index.php?rest_route=\/wp\/v2\/posts\/12776\/revisions\/12798"}],"wp:attachment":[{"href":"https:\/\/osrace1516.splet.arnes.si\/index.php?rest_route=%2Fwp%2Fv2%2Fmedia&parent=12776"}],"wp:term":[{"taxonomy":"category","embeddable":true,"href":"https:\/\/osrace1516.splet.arnes.si\/index.php?rest_route=%2Fwp%2Fv2%2Fcategories&post=12776"},{"taxonomy":"post_tag","embeddable":true,"href":"https:\/\/osrace1516.splet.arnes.si\/index.php?rest_route=%2Fwp%2Fv2%2Ftags&post=12776"}],"curies":[{"name":"wp","href":"https:\/\/api.w.org\/{rel}","templated":true}]}}