{"id":11714,"date":"2024-05-13T19:16:26","date_gmt":"2024-05-13T17:16:26","guid":{"rendered":"https:\/\/osrace1516.splet.arnes.si\/?p=11714"},"modified":"2024-05-13T19:17:14","modified_gmt":"2024-05-13T17:17:14","slug":"vecer-branja-na-osnovni-soli-race","status":"publish","type":"post","link":"https:\/\/osrace1516.splet.arnes.si\/?p=11714","title":{"rendered":"VE\u010cER BRANJA NA OSNOVNI \u0160OLI RA\u010cE"},"content":{"rendered":"<p>RAZBURLJIVO POTOVANJE V \u010cAROBNI SVET KNJIG IN DRU\u017dENJA<\/p>\n<p>V \u010dasu, ko se vse ve\u010d govori o pomenu branja in razvoju domi\u0161ljije pri mladih, smo na Osnovni \u0161oli Ra\u010de 19. aprila pripravili nepozaben Ve\u010der branja. V goste smo povabili u\u010dence ter u\u010ditelje Osnovne \u0161ole Fram, da bi skupaj ustvarili dogodek, namenjen najbolj\u0161im bralcem in pripovedovalcem od 1. do 9. razreda. Skupaj smo se prepustili \u010darom knji\u017enega sveta in ustvarjalnosti.<\/p>\n<p>Program Ve\u010dera je bil poln raznolikih dejavnosti, ki so nagovarjale razli\u010dne okuse in interese u\u010dencev.<\/p>\n<p>OD IDEJE DO KNJIGE: U\u010denci so imeli prilo\u017enost, da se dru\u017eijo z avtorico knjige \u00bb12 izvirnih basni\u00ab, Ksenijo Pe\u010dnik, ter spoznali pot, ki jo knjiga prehodi od zamisli do kon\u010dnega izdelka.<\/p>\n<p>MAVRI\u010cNA \u010cAROVNICA SE PREDSTAVI: Avtorica knjig \u00bbMavri\u010dna \u010darovnica\u00ab in \u00bbZme\u010dkano srce\u00ab je navdu\u0161ila u\u010dence s svojimi zgodbami ter ustvarjalnim procesom pisanja.<\/p>\n<p>BRALNI KVIZ: U\u010denci so lahko preizkusili svoje znanje, ki so ga pridobili s pomo\u010djo branja razli\u010dnih knjig, in se pomerili v zabavnem kvizu.<\/p>\n<p>\u010cAROBNA KUHINJA: Spoznavali smo razli\u010dne zdravilne rastline, jih tipali, vonjali in u\u017eivali v \u010daju ter pisanih krofih. Ob tem so u\u010denci prisluhnili pravljici \u00bbZeli\u0161\u010da male \u010darovnice\u00ab.<\/p>\n<p>\u010cAROBNO DREVO: U\u010denci so se nau\u010dili, kako si pripraviti \u010darobni kozar\u010dek z ble\u0161\u010dicami, ki jim bo v pomo\u010d pri umirjanju in spro\u0161\u010danju, ter izvajali vaje \u010duje\u010dnosti.<\/p>\n<p>BRALNI KOTI\u010cEK: Knji\u017enica je za\u017eivela v novi \u00bblu\u010di\u00ab, ko smo jo popolnoma zatemnili in okrasili z zvezdicami. U\u010denci so odkrivali skrite bralne koti\u010dke, se udobno namestili ter se s svetilkami v rokah podali na \u010darobno pot raziskovanja po knji\u017enici in svetu domi\u0161ljije.<\/p>\n<p>Ve\u010der branja je svoj vrhunec do\u017eivel z magi\u010dno predstavo \u010darodeja Sam Sebastiana, ki nam je pokazal, da je vse mogo\u010de, \u010de verjamemo v \u010darobnost knjig in domi\u0161ljije.<\/p>\n<p>Ob koncu ve\u010dera smo bili vsi bogatej\u0161i za nova do\u017eivetja, znanja in spomine. Ve\u010der branja na Osnovni \u0161oli Ra\u010de je bil zagotovo nepozaben dogodek, ki je navdihnil tako u\u010dence kot tudi u\u010ditelje k novim bralnim podvigom in raziskovanju \u010darobnega sveta knjig.<\/p>\n<p>Zapisala: Martina Brodej<\/p>\nngg_shortcode_0_placeholder\n","protected":false},"excerpt":{"rendered":"<p>RAZBURLJIVO POTOVANJE V \u010cAROBNI SVET KNJIG IN DRU\u017dENJA V \u010dasu, ko se vse ve\u010d govori o pomenu branja in razvoju domi\u0161ljije pri mladih, smo na Osnovni \u0161oli Ra\u010de 19. aprila pripravili nepozaben Ve\u010der branja. V goste smo povabili u\u010dence ter u\u010ditelje Osnovne \u0161ole Fram, da bi skupaj ustvarili dogodek, namenjen najbolj\u0161im bralcem in pripovedovalcem od [&hellip;]<\/p>\n","protected":false},"author":5736,"featured_media":0,"comment_status":"closed","ping_status":"closed","sticky":false,"template":"","format":"standard","meta":{"_et_pb_use_builder":"","_et_pb_old_content":"","_et_gb_content_width":"","ngg_post_thumbnail":0,"footnotes":"","_expiration-date-status":"","_expiration-date":0,"_expiration-date-type":"","_expiration-date-categories":[],"_expiration-date-options":[]},"categories":[25],"tags":[],"class_list":["post-11714","post","type-post","status-publish","format-standard","hentry","category-dogajasenasoli"],"_links":{"self":[{"href":"https:\/\/osrace1516.splet.arnes.si\/index.php?rest_route=\/wp\/v2\/posts\/11714","targetHints":{"allow":["GET"]}}],"collection":[{"href":"https:\/\/osrace1516.splet.arnes.si\/index.php?rest_route=\/wp\/v2\/posts"}],"about":[{"href":"https:\/\/osrace1516.splet.arnes.si\/index.php?rest_route=\/wp\/v2\/types\/post"}],"author":[{"embeddable":true,"href":"https:\/\/osrace1516.splet.arnes.si\/index.php?rest_route=\/wp\/v2\/users\/5736"}],"replies":[{"embeddable":true,"href":"https:\/\/osrace1516.splet.arnes.si\/index.php?rest_route=%2Fwp%2Fv2%2Fcomments&post=11714"}],"version-history":[{"count":2,"href":"https:\/\/osrace1516.splet.arnes.si\/index.php?rest_route=\/wp\/v2\/posts\/11714\/revisions"}],"predecessor-version":[{"id":11739,"href":"https:\/\/osrace1516.splet.arnes.si\/index.php?rest_route=\/wp\/v2\/posts\/11714\/revisions\/11739"}],"wp:attachment":[{"href":"https:\/\/osrace1516.splet.arnes.si\/index.php?rest_route=%2Fwp%2Fv2%2Fmedia&parent=11714"}],"wp:term":[{"taxonomy":"category","embeddable":true,"href":"https:\/\/osrace1516.splet.arnes.si\/index.php?rest_route=%2Fwp%2Fv2%2Fcategories&post=11714"},{"taxonomy":"post_tag","embeddable":true,"href":"https:\/\/osrace1516.splet.arnes.si\/index.php?rest_route=%2Fwp%2Fv2%2Ftags&post=11714"}],"curies":[{"name":"wp","href":"https:\/\/api.w.org\/{rel}","templated":true}]}}